{"id":4221,"date":"2016-01-23T20:51:13","date_gmt":"2016-01-23T22:51:13","guid":{"rendered":"http:\/\/www.alija.org.ar\/?p=4221"},"modified":"2016-03-02T19:16:34","modified_gmt":"2016-03-02T21:16:34","slug":"se-conocieron-los-finalistas-al-premio-hans-christian-andersen","status":"publish","type":"post","link":"https:\/\/alija.org.ar\/?p=4221","title":{"rendered":"Se conocieron los Finalistas al Premio Hans Christian Andersen"},"content":{"rendered":"<p><del><\/del><span style=\"color: #ff6600;\"><strong>IBBY<\/strong> <\/span>anunci\u00f3 la lista de finalistas, su \u00abShort List\u00bb, al premio Internacional <a href=\"http:\/\/www.alija.org.ar\/?page_id=47\" target=\"_blank\"><span style=\"color: #ff6600;\"><strong>Hans Christian Andersen, edici\u00f3n 2016<\/strong><\/span>.<\/a>\u00a0(<a href=\"https:\/\/youtu.be\/d2L6mrEc6eM\" target=\"_blank\">Ver video oficial<\/a>)<\/p>\n<p>En la categor\u00eda escritor\/a: la autora <strong><span style=\"color: #0000ff;\">Mirjam Pressler<\/span><\/strong>, de Alemania; el autor <strong><span style=\"color: #0000ff;\">Cao Wenxuan<\/span><\/strong>, de China; el escritor <strong><span style=\"color: #0000ff;\">Louis Jensen<\/span><\/strong>, de Dinamarca, y la escritora <span style=\"color: #0000ff;\"><strong>Lois Lowry<\/strong><\/span>, de los Estados Unidos de Norteam\u00e9rica y del autor <strong><span style=\"color: #0000ff;\">Ted van Lieshout<\/span><\/strong>, de Holanda.<\/p>\n<div class=\"text_exposed_show\">\n<p>En la categor\u00eda ilustrador\/a: la autora <strong><span style=\"color: #0000ff;\">Susanne Berner Rotraut<\/span><\/strong>, de Alemania; la autora <strong><span style=\"color: #0000ff;\">Marit T\u00f6rnqvist<\/span><\/strong>, de Holanda; el ilustrador <span style=\"color: #0000ff;\"><strong>Pejman Rahimizadeh<\/strong><\/span>, de Ir\u00e1n; el ilustrador <strong><span style=\"color: #0000ff;\">Alessandro Sanna<\/span><\/strong>, de Italia y\u00a0la ilustradora\u00a0<span style=\"color: #0000ff;\"><strong>Suzy Lee<\/strong><\/span>, de Korea.<\/p>\n<\/div>\n<div class=\"text_exposed_show\">\n<p>El 4 de abril pr\u00f3ximo, en la Feria Internacional de Bolonia, Italia, se sabr\u00e1 qui\u00e9nes son los dos ganadores de este galard\u00f3n internacional tan importante, conocido como el Nobel de la literatura para ni\u00f1os y j\u00f3venes.<\/p>\n<p><em><span style=\"color: #0000ff;\"><strong>El jurado<\/strong><\/span><\/em><\/p>\n<p><em>Encabezado por\u00a0Patricia Aldana de\u00a0Canada y Guatemala, estuvo integrado por diez especialistas en literatura para ni\u00f1os y j\u00f3venes\u00a0provenientes de distintos lugares del mundo:\u00a0la argentina Lola Rubio, Dolores Prades de Brasil, la especialista china Wu Qing, la danesa Kirsten Bystrup, por\u00a0Egipto Yasmine Motawy, la especialista iran\u00ed Shohreh Yousefi, el editor Andrej Ilc de Eslovenia, la editora Reina Duarte, la investigadora\u00a0de Norteam\u00e9rica Susan Stan\u00a0y\u00a0Mar\u00eda Beatriz Medina de\u00a0Venezuela. Adem\u00e1s Elda Nogueira de Brasil actu\u00f3 en representaci\u00f3n del presidente de <strong><span style=\"color: #ff6600;\">IBBY<\/span><\/strong>, junto con Liz Page, directora ejecutiva de <span style=\"color: #ff6600;\"><strong>IBBY<\/strong><\/span>.<\/em><\/p>\n<\/div>\n","protected":false},"excerpt":{"rendered":"<p>IBBY anunci\u00f3 la lista de finalistas, su \u00abShort List\u00bb, al premio Internacional Hans Christian Andersen, edici\u00f3n 2016.\u00a0(Ver video oficial) En la categor\u00eda escritor\/a: la autora Mirjam Pressler, de Alemania; el autor Cao Wenxuan, de China; el escritor Louis Jensen, de &hellip; <a href=\"https:\/\/alija.org.ar\/?p=4221\">Sigue leyendo <span class=\"meta-nav\">&rarr;<\/span><\/a><\/p>\n","protected":false},"author":2,"featured_media":0,"comment_status":"closed","ping_status":"closed","sticky":false,"template":"","format":"standard","meta":{"footnotes":""},"categories":[40,41,1],"tags":[],"_links":{"self":[{"href":"https:\/\/alija.org.ar\/index.php?rest_route=\/wp\/v2\/posts\/4221"}],"collection":[{"href":"https:\/\/alija.org.ar\/index.php?rest_route=\/wp\/v2\/posts"}],"about":[{"href":"https:\/\/alija.org.ar\/index.php?rest_route=\/wp\/v2\/types\/post"}],"author":[{"embeddable":true,"href":"https:\/\/alija.org.ar\/index.php?rest_route=\/wp\/v2\/users\/2"}],"replies":[{"embeddable":true,"href":"https:\/\/alija.org.ar\/index.php?rest_route=%2Fwp%2Fv2%2Fcomments&post=4221"}],"version-history":[{"count":5,"href":"https:\/\/alija.org.ar\/index.php?rest_route=\/wp\/v2\/posts\/4221\/revisions"}],"predecessor-version":[{"id":4259,"href":"https:\/\/alija.org.ar\/index.php?rest_route=\/wp\/v2\/posts\/4221\/revisions\/4259"}],"wp:attachment":[{"href":"https:\/\/alija.org.ar\/index.php?rest_route=%2Fwp%2Fv2%2Fmedia&parent=4221"}],"wp:term":[{"taxonomy":"category","embeddable":true,"href":"https:\/\/alija.org.ar\/index.php?rest_route=%2Fwp%2Fv2%2Fcategories&post=4221"},{"taxonomy":"post_tag","embeddable":true,"href":"https:\/\/alija.org.ar\/index.php?rest_route=%2Fwp%2Fv2%2Ftags&post=4221"}],"curies":[{"name":"wp","href":"https:\/\/api.w.org\/{rel}","templated":true}]}}