{"id":3954,"date":"2015-06-10T18:13:37","date_gmt":"2015-06-10T20:13:37","guid":{"rendered":"http:\/\/www.alija.org.ar\/?p=3954"},"modified":"2015-06-10T18:34:25","modified_gmt":"2015-06-10T20:34:25","slug":"proyecto-libros-silenciosos_destino-lampedusa","status":"publish","type":"post","link":"https:\/\/alija.org.ar\/?p=3954","title":{"rendered":"Proyecto Libros silenciosos_Destino Lampedusa"},"content":{"rendered":"<p>Hoy se inaugur\u00f3 en Italia, en Roma, en el Palazzo delle Esposizioni, la segunda edici\u00f3n del Proyecto\u00a0\u00abSilent Books. Destination\u00a0Lampedusa\u00bb, que busca recolectar una cuidada colecci\u00f3n de libros sin palabras que fomente la integraci\u00f3n y la valoraci\u00f3n de los inmigrantes.<\/p>\n<p>Esta propuesta est\u00e1 organizada por la Secci\u00f3n Italiana de IBBY.<\/p>\n<p>A todos los representantes argentinos en este cat\u00e1logo, a todos los profesionales que han participado de estas ediciones, nuestras felicitaciones y mejores deseos.<\/p>\n<p>Ellos son:<\/p>\n<ul>\n<li><strong>Diego Bianki<\/strong>,\u00a0<em>Restor\u00e1n<\/em>, editor de Peque\u00f1o, Buenos Aires, 2003<\/li>\n<li><strong>Gusti<\/strong>,\u00a0<em>Toto y Rey<\/em>, editor de Peque\u00f1o, Buenos Aires, 2004<\/li>\n<li><strong>I\u00f1aki Echeverr\u00eda<\/strong>,\u00a0<em>Muffins,<\/em>\u00a0Editorial Manoescrita, Buenos Aires, 2011<\/li>\n<li><strong>I\u00f1aki Echeverr\u00eda y Jorge Luis Lepera<\/strong>, \u00a0<em>Vos Cont\u00e1melo<\/em>, Editorial Manoescrita, Buenos Aires, 2014<\/li>\n<li><strong>Luis Paredes<\/strong>,\u00a0<em>Abril y Patricio<\/em>, Ediciones de la Terraza, Buenos Aires, 2014<\/li>\n<\/ul>\n<p>&nbsp;<\/p>\n","protected":false},"excerpt":{"rendered":"<p>Hoy se inaugur\u00f3 en Italia, en Roma, en el Palazzo delle Esposizioni, la segunda edici\u00f3n del Proyecto\u00a0\u00abSilent Books. Destination\u00a0Lampedusa\u00bb, que busca recolectar una cuidada colecci\u00f3n de libros sin palabras que fomente la integraci\u00f3n y la valoraci\u00f3n de los inmigrantes. Esta &hellip; <a href=\"https:\/\/alija.org.ar\/?p=3954\">Sigue leyendo <span class=\"meta-nav\">&rarr;<\/span><\/a><\/p>\n","protected":false},"author":2,"featured_media":0,"comment_status":"closed","ping_status":"closed","sticky":false,"template":"","format":"standard","meta":{"footnotes":""},"categories":[40,59,41,1],"tags":[],"_links":{"self":[{"href":"https:\/\/alija.org.ar\/index.php?rest_route=\/wp\/v2\/posts\/3954"}],"collection":[{"href":"https:\/\/alija.org.ar\/index.php?rest_route=\/wp\/v2\/posts"}],"about":[{"href":"https:\/\/alija.org.ar\/index.php?rest_route=\/wp\/v2\/types\/post"}],"author":[{"embeddable":true,"href":"https:\/\/alija.org.ar\/index.php?rest_route=\/wp\/v2\/users\/2"}],"replies":[{"embeddable":true,"href":"https:\/\/alija.org.ar\/index.php?rest_route=%2Fwp%2Fv2%2Fcomments&post=3954"}],"version-history":[{"count":3,"href":"https:\/\/alija.org.ar\/index.php?rest_route=\/wp\/v2\/posts\/3954\/revisions"}],"predecessor-version":[{"id":3957,"href":"https:\/\/alija.org.ar\/index.php?rest_route=\/wp\/v2\/posts\/3954\/revisions\/3957"}],"wp:attachment":[{"href":"https:\/\/alija.org.ar\/index.php?rest_route=%2Fwp%2Fv2%2Fmedia&parent=3954"}],"wp:term":[{"taxonomy":"category","embeddable":true,"href":"https:\/\/alija.org.ar\/index.php?rest_route=%2Fwp%2Fv2%2Fcategories&post=3954"},{"taxonomy":"post_tag","embeddable":true,"href":"https:\/\/alija.org.ar\/index.php?rest_route=%2Fwp%2Fv2%2Ftags&post=3954"}],"curies":[{"name":"wp","href":"https:\/\/api.w.org\/{rel}","templated":true}]}}